{"id":740,"date":"2019-10-23T13:03:39","date_gmt":"2019-10-23T11:03:39","guid":{"rendered":"https:\/\/www.miloart.org\/?p=740"},"modified":"2020-09-02T10:12:06","modified_gmt":"2020-09-02T08:12:06","slug":"po-sakacevi-poti-soli","status":"publish","type":"post","link":"https:\/\/www.miloart.org\/hr\/po-sakacevi-poti-soli\/","title":{"rendered":"Po Saka\u010devi Poti soli"},"content":{"rendered":"\n<p>\n\nV \u010detrtek, 17. oktobra, je svoja dela v galeriji Dru\u017eina v Ljubljani na ogled postavil Milo Saka\u010d. Razstavo je poimenoval Pot soli. Na odprtju je o njegovem delu spregovorila likovna kriti\u010darka Magdalena Getaldi\u0107.<\/p>\n\n\n\n<p>Potujo\u010de razstave Mila Saka\u010da pod skupnim imenom Mind Hunter so se za\u010dele na Dunaju, v Budimpe\u0161ti in se nadaljujejo v Ljubljani. Zajemajo razli\u010dne koncepte, cikluse in pristope v avtorjevem umetni\u0161kem izra\u017eanju.<\/p>\n\n\n\n<figure class=\"wp-block-image\"><img loading=\"lazy\" decoding=\"async\" width=\"650\" height=\"400\" src=\"https:\/\/www.miloart.org\/wp\/wp-content\/uploads\/2019\/10\/milo-1.jpg\" alt=\"\" class=\"wp-image-516\" srcset=\"https:\/\/www.miloart.org\/wp\/wp-content\/uploads\/2019\/10\/milo-1.jpg 650w, https:\/\/www.miloart.org\/wp\/wp-content\/uploads\/2019\/10\/milo-1-300x185.jpg 300w\" sizes=\"auto, (max-width: 650px) 100vw, 650px\" \/><figcaption> <em>Dogodek je povezovala Manica Ferenc, ki je na kratko predstavila umetnikovo pot.<\/em> <\/figcaption><\/figure>\n\n\n\n<p><strong>Poglabljanje v problematiko slikarskih oblik in barv<br><\/strong><br>Tokratni razstavljavec ustvarja v razli\u010dnih tehnikah od akvarela, akrila, kombinirane tehnike, tu\u0161a, oglja, kola\u017ea in druge. <\/p>\n\n\n\n<figure class=\"wp-block-image\"><img loading=\"lazy\" decoding=\"async\" width=\"650\" height=\"369\" src=\"https:\/\/www.miloart.org\/wp\/wp-content\/uploads\/2019\/10\/milo-2.jpg\" alt=\"\" class=\"wp-image-517\" srcset=\"https:\/\/www.miloart.org\/wp\/wp-content\/uploads\/2019\/10\/milo-2.jpg 650w, https:\/\/www.miloart.org\/wp\/wp-content\/uploads\/2019\/10\/milo-2-300x170.jpg 300w\" sizes=\"auto, (max-width: 650px) 100vw, 650px\" \/><figcaption> <em>Milo Saka\u010d in likovna kriti\u010darka Magdalena Getaldi\u0107<\/em> <\/figcaption><\/figure>\n\n\n\n<p>\n\n\u00bbZgradba njegovih slik je zaznamovana z raznovrstnimi \u0161tirikotniki, iz abstraktnega ozadja naplavljenih kvadratov, s katerimi celota posamezne umetnine deluje presenetljivo kontemplativno. Iz globin izhajajo\u010da slikarska ekspresivnost razkriva bistvo tak\u0161ne izrazne mo\u010di njegovih del. Njegova zna\u010dilnost niso aktualni slikarski ali tematski trendi, temve\u010d poglabljanje v problematiko slikarskih oblik in barv,\u00ab je povedala likovna kriti\u010darka. \u00bbNjegove umetnine odlikujejo globoke, barvno poudarjene kompozicije, v katerih sleherno prvino in potezo zaznamuje poudarjanje izstopajo\u010dih oblikovnih zna\u010dilnosti.\u00ab<\/p>\n\n\n\n<p><strong>Pristopi<\/strong><\/p>\n\n\n\n<p>Pri svojem delu uporablja razli\u010dne pristope: \u00bbV prvem pristopu barve v posameznih umetninah bledijo, se razlivajo, medtem ko mo\u010dnej\u0161e strukture gradi z lazurnimi nanosi, ki se tu in tam razsipajo. V drugih postopkih se mo\u010dnej\u0161e strukture druga z drugo zlivajo in se pre\u017eemajo, da bi s tem ustvarile gosto barvno snov za temeljno gradbeno prvino slike.\u00ab <\/p>\n\n\n\n<figure class=\"wp-block-image\"><img loading=\"lazy\" decoding=\"async\" width=\"650\" height=\"255\" src=\"https:\/\/www.miloart.org\/wp\/wp-content\/uploads\/2019\/10\/milo-3.jpg\" alt=\"\" class=\"wp-image-518\" srcset=\"https:\/\/www.miloart.org\/wp\/wp-content\/uploads\/2019\/10\/milo-3.jpg 650w, https:\/\/www.miloart.org\/wp\/wp-content\/uploads\/2019\/10\/milo-3-300x118.jpg 300w\" sizes=\"auto, (max-width: 650px) 100vw, 650px\" \/><\/figure>\n\n\n\n<p> Kot je povedal Saka\u010d sam, so slike, razstavljene v galeriji Dru\u017eina, nastale v zadnjih treh letih. \u00bbAkrili so nastali letos poleti, druga dela pa so nastala v razponu od enega do treh let in os del tega koncepta.\u00ab<br><\/p>\n\n\n\n<figure class=\"wp-block-image\"><img loading=\"lazy\" decoding=\"async\" width=\"650\" height=\"400\" src=\"https:\/\/www.miloart.org\/wp\/wp-content\/uploads\/2019\/10\/milo-4.jpg\" alt=\"\" class=\"wp-image-519\" srcset=\"https:\/\/www.miloart.org\/wp\/wp-content\/uploads\/2019\/10\/milo-4.jpg 650w, https:\/\/www.miloart.org\/wp\/wp-content\/uploads\/2019\/10\/milo-4-300x185.jpg 300w\" sizes=\"auto, (max-width: 650px) 100vw, 650px\" \/><figcaption> <em>Odprtje sta glasbeno pospremila Joana Gonzales Subira in Jo\u0161t Lampret.<\/em> <\/figcaption><\/figure>\n\n\n\n<p>\n\nV njih prevladujejo \u00bbnova slikarska poeti\u010dnost, izrazitej\u0161e barve, medtem ko njegove gostobarvne ekspresivne umetnine zaznamuje problematika oblikovnih zna\u010dilnosti slikarstva,\u00ab je umetnikova dela opisala Magdalena Getaldi\u0107 in ob koncu dodala, da se umetnik z odpravljanjem vsakr\u0161ne pomenske konotacije \u00bbosredoto\u010da na \u017eivahen kolorit in teksturo, s \u010dimer raziskuje meje svojega slikarskega obzorja\u00ab.<\/p>\n\n\n\n<p><strong>Zakaj Pot soli?<\/strong><\/p>\n\n\n\n<p>Na to Mani\u010dino vpra\u0161anje je Milo Saka\u010d odgovoril preprosto: \u00bbBil sem v Omi\u0161u in tam je morje. Prakti\u010dno. Te\u017eko si izmi\u0161ljam imena slik, vendar je \u017ee la\u017ee. Ime Mind hunter se mi je zdelo zanimivo, ker gre za sanje in spomine, kar se da lepo navezovati.\u00ab<\/p>\n\n\n\n<p>Milo Saka\u010d se je rodil leta 1963 v \u010cakovcu, osnovno in srednjo \u0161olo je obiskoval v Sloveniji, diplomiral je na Fakulteti za arhitekturo v Zagrebu. Svojo poklicno pot je za\u010del kot arhitekt, hkrati pa je slikal in leta 2017 odprl slikarski atelje na Dunaju, poleti \u017eivi in dela v Omi\u0161u. Je \u010dlan skupine Q202 Leopoldstadt Dunaj. To je njegova prva razstava v Ljubljani.<\/p>\n\n\n\n<p>Foto: Tatjana Splichal<br><\/p>\n\n\n\n<figure class=\"wp-block-embed-youtube wp-block-embed is-type-video is-provider-youtube wp-embed-aspect-16-9 wp-has-aspect-ratio\"><div class=\"wp-block-embed__wrapper\">\n<iframe loading=\"lazy\" title=\"Odprtje razstave Mila Saka\u010da z naslovom Pot soli, 1. del\" width=\"980\" height=\"551\" src=\"https:\/\/www.youtube.com\/embed\/ITh7iM8zvr8?feature=oembed\" frameborder=\"0\" allow=\"accelerometer; autoplay; encrypted-media; gyroscope; picture-in-picture\" allowfullscreen><\/iframe>\n<\/div><\/figure>\n\n\n\n<figure class=\"wp-block-embed-youtube wp-block-embed is-type-video is-provider-youtube wp-embed-aspect-16-9 wp-has-aspect-ratio\"><div class=\"wp-block-embed__wrapper\">\n<iframe loading=\"lazy\" title=\"Odprtje razstave Mila Saka\u010da z naslovom Pot soli, 1. del\" width=\"980\" height=\"551\" src=\"https:\/\/www.youtube.com\/embed\/cRQ8m4BP-6w?feature=oembed\" frameborder=\"0\" allow=\"accelerometer; autoplay; encrypted-media; gyroscope; picture-in-picture\" allowfullscreen><\/iframe>\n<\/div><\/figure>\n","protected":false},"excerpt":{"rendered":"<p>V \u010detrtek, 17. oktobra, je svoja dela v galeriji Dru\u017eina v Ljubljani na ogled postavil Milo Saka\u010d. Razstavo je poimenoval Pot soli. Na odprtju je o njegovem delu spregovorila likovna kriti\u010darka Magdalena Getaldi\u0107. Potujo\u010de razstave Mila Saka\u010da pod skupnim imenom Mind Hunter so se za\u010dele na Dunaju, v Budimpe\u0161ti in se nadaljujejo v Ljubljani. Zajemajo [&hellip;]<\/p>\n","protected":false},"author":1,"featured_media":749,"comment_status":"closed","ping_status":"closed","sticky":false,"template":"","format":"standard","meta":{"inline_featured_image":false,"footnotes":""},"categories":[51],"tags":[],"class_list":["post-740","post","type-post","status-publish","format-standard","has-post-thumbnail","hentry","category-novosti"],"yoast_head":"<!-- This site is optimized with the Yoast SEO plugin v26.1.1 - https:\/\/yoast.com\/wordpress\/plugins\/seo\/ -->\n<title>Po Saka\u010devi Poti soli - Milo Saka\u010d - Austrian &ndash; Slovenian &ndash; Hungarian - Croatian painter - Portfolio<\/title>\n<meta name=\"robots\" content=\"index, follow, max-snippet:-1, max-image-preview:large, max-video-preview:-1\" \/>\n<link rel=\"canonical\" href=\"https:\/\/www.miloart.org\/po-sakacevi-poti-soli\/\" \/>\n<meta property=\"og:locale\" content=\"hr_HR\" \/>\n<meta property=\"og:type\" content=\"article\" \/>\n<meta property=\"og:title\" content=\"Po Saka\u010devi Poti soli - Milo Saka\u010d - Austrian &ndash; Slovenian &ndash; Hungarian - Croatian painter - Portfolio\" \/>\n<meta property=\"og:description\" content=\"V \u010detrtek, 17. oktobra, je svoja dela v galeriji Dru\u017eina v Ljubljani na ogled postavil Milo Saka\u010d. Razstavo je poimenoval Pot soli. Na odprtju je o njegovem delu spregovorila likovna kriti\u010darka Magdalena Getaldi\u0107. Potujo\u010de razstave Mila Saka\u010da pod skupnim imenom Mind Hunter so se za\u010dele na Dunaju, v Budimpe\u0161ti in se nadaljujejo v Ljubljani. Zajemajo [&hellip;]\" \/>\n<meta property=\"og:url\" content=\"https:\/\/www.miloart.org\/po-sakacevi-poti-soli\/\" \/>\n<meta property=\"og:site_name\" content=\"Milo Saka\u010d - Austrian &ndash; Slovenian &ndash; Hungarian - Croatian painter - Portfolio\" \/>\n<meta property=\"article:published_time\" content=\"2019-10-23T11:03:39+00:00\" \/>\n<meta property=\"article:modified_time\" content=\"2020-09-02T08:12:06+00:00\" \/>\n<meta property=\"og:image\" content=\"https:\/\/www.miloart.org\/wp\/wp-content\/uploads\/2019\/10\/milo-ljubljana.jpg\" \/>\n\t<meta property=\"og:image:width\" content=\"640\" \/>\n\t<meta property=\"og:image:height\" content=\"360\" \/>\n\t<meta property=\"og:image:type\" content=\"image\/jpeg\" \/>\n<meta name=\"author\" content=\"admin\" \/>\n<meta name=\"twitter:card\" content=\"summary_large_image\" \/>\n<meta name=\"twitter:label1\" content=\"Written by\" \/>\n\t<meta name=\"twitter:data1\" content=\"admin\" \/>\n\t<meta name=\"twitter:label2\" content=\"Est. reading time\" \/>\n\t<meta name=\"twitter:data2\" content=\"3 minutes\" \/>\n<script type=\"application\/ld+json\" class=\"yoast-schema-graph\">{\"@context\":\"https:\/\/schema.org\",\"@graph\":[{\"@type\":\"Article\",\"@id\":\"https:\/\/www.miloart.org\/po-sakacevi-poti-soli\/#article\",\"isPartOf\":{\"@id\":\"https:\/\/www.miloart.org\/po-sakacevi-poti-soli\/\"},\"author\":{\"name\":\"admin\",\"@id\":\"https:\/\/www.miloart.org\/#\/schema\/person\/348f40ec2a3f585c617dae00bd0887cd\"},\"headline\":\"Po Saka\u010devi Poti soli\",\"datePublished\":\"2019-10-23T11:03:39+00:00\",\"dateModified\":\"2020-09-02T08:12:06+00:00\",\"mainEntityOfPage\":{\"@id\":\"https:\/\/www.miloart.org\/po-sakacevi-poti-soli\/\"},\"wordCount\":513,\"publisher\":{\"@id\":\"https:\/\/www.miloart.org\/#organization\"},\"image\":{\"@id\":\"https:\/\/www.miloart.org\/po-sakacevi-poti-soli\/#primaryimage\"},\"thumbnailUrl\":\"https:\/\/www.miloart.org\/wp\/wp-content\/uploads\/2019\/10\/milo-ljubljana.jpg\",\"articleSection\":[\"Novosti\"],\"inLanguage\":\"hr\"},{\"@type\":\"WebPage\",\"@id\":\"https:\/\/www.miloart.org\/po-sakacevi-poti-soli\/\",\"url\":\"https:\/\/www.miloart.org\/po-sakacevi-poti-soli\/\",\"name\":\"Po Saka\u010devi Poti soli - Milo Saka\u010d - Austrian &ndash; Slovenian &ndash; Hungarian - Croatian painter - Portfolio\",\"isPartOf\":{\"@id\":\"https:\/\/www.miloart.org\/#website\"},\"primaryImageOfPage\":{\"@id\":\"https:\/\/www.miloart.org\/po-sakacevi-poti-soli\/#primaryimage\"},\"image\":{\"@id\":\"https:\/\/www.miloart.org\/po-sakacevi-poti-soli\/#primaryimage\"},\"thumbnailUrl\":\"https:\/\/www.miloart.org\/wp\/wp-content\/uploads\/2019\/10\/milo-ljubljana.jpg\",\"datePublished\":\"2019-10-23T11:03:39+00:00\",\"dateModified\":\"2020-09-02T08:12:06+00:00\",\"breadcrumb\":{\"@id\":\"https:\/\/www.miloart.org\/po-sakacevi-poti-soli\/#breadcrumb\"},\"inLanguage\":\"hr\",\"potentialAction\":[{\"@type\":\"ReadAction\",\"target\":[\"https:\/\/www.miloart.org\/po-sakacevi-poti-soli\/\"]}]},{\"@type\":\"ImageObject\",\"inLanguage\":\"hr\",\"@id\":\"https:\/\/www.miloart.org\/po-sakacevi-poti-soli\/#primaryimage\",\"url\":\"https:\/\/www.miloart.org\/wp\/wp-content\/uploads\/2019\/10\/milo-ljubljana.jpg\",\"contentUrl\":\"https:\/\/www.miloart.org\/wp\/wp-content\/uploads\/2019\/10\/milo-ljubljana.jpg\",\"width\":640,\"height\":360},{\"@type\":\"BreadcrumbList\",\"@id\":\"https:\/\/www.miloart.org\/po-sakacevi-poti-soli\/#breadcrumb\",\"itemListElement\":[{\"@type\":\"ListItem\",\"position\":1,\"name\":\"Home\",\"item\":\"https:\/\/www.miloart.org\/\"},{\"@type\":\"ListItem\",\"position\":2,\"name\":\"Po Saka\u010devi Poti soli\"}]},{\"@type\":\"WebSite\",\"@id\":\"https:\/\/www.miloart.org\/#website\",\"url\":\"https:\/\/www.miloart.org\/\",\"name\":\"Milo Saka\u010d - Austrian &ndash; Slovenian &ndash; Hungarian - Croatian painter - Portfolio\",\"description\":\"\",\"publisher\":{\"@id\":\"https:\/\/www.miloart.org\/#organization\"},\"potentialAction\":[{\"@type\":\"SearchAction\",\"target\":{\"@type\":\"EntryPoint\",\"urlTemplate\":\"https:\/\/www.miloart.org\/?s={search_term_string}\"},\"query-input\":{\"@type\":\"PropertyValueSpecification\",\"valueRequired\":true,\"valueName\":\"search_term_string\"}}],\"inLanguage\":\"hr\"},{\"@type\":\"Organization\",\"@id\":\"https:\/\/www.miloart.org\/#organization\",\"name\":\"Milo Saka\u010d - Austrian &ndash; Slovenian &ndash; Hungarian - Croatian painter - Portfolio\",\"url\":\"https:\/\/www.miloart.org\/\",\"logo\":{\"@type\":\"ImageObject\",\"inLanguage\":\"hr\",\"@id\":\"https:\/\/www.miloart.org\/#\/schema\/logo\/image\/\",\"url\":\"https:\/\/www.miloart.org\/wp\/wp-content\/uploads\/2019\/04\/MILO_ART-logo-3.svg\",\"contentUrl\":\"https:\/\/www.miloart.org\/wp\/wp-content\/uploads\/2019\/04\/MILO_ART-logo-3.svg\",\"caption\":\"Milo Saka\u010d - Austrian &ndash; Slovenian &ndash; Hungarian - Croatian painter - Portfolio\"},\"image\":{\"@id\":\"https:\/\/www.miloart.org\/#\/schema\/logo\/image\/\"}},{\"@type\":\"Person\",\"@id\":\"https:\/\/www.miloart.org\/#\/schema\/person\/348f40ec2a3f585c617dae00bd0887cd\",\"name\":\"admin\",\"image\":{\"@type\":\"ImageObject\",\"inLanguage\":\"hr\",\"@id\":\"https:\/\/www.miloart.org\/#\/schema\/person\/image\/\",\"url\":\"https:\/\/secure.gravatar.com\/avatar\/50b6c6ecd88b3faee14342bf84a290912722efa292eb8697fd42df6d0d2fa423?s=96&d=mm&r=g\",\"contentUrl\":\"https:\/\/secure.gravatar.com\/avatar\/50b6c6ecd88b3faee14342bf84a290912722efa292eb8697fd42df6d0d2fa423?s=96&d=mm&r=g\",\"caption\":\"admin\"}}]}<\/script>\n<!-- \/ Yoast SEO plugin. -->","yoast_head_json":{"title":"Po Saka\u010devi Poti soli - Milo Saka\u010d - Austrian &ndash; Slovenian &ndash; Hungarian - Croatian painter - Portfolio","robots":{"index":"index","follow":"follow","max-snippet":"max-snippet:-1","max-image-preview":"max-image-preview:large","max-video-preview":"max-video-preview:-1"},"canonical":"https:\/\/www.miloart.org\/po-sakacevi-poti-soli\/","og_locale":"hr_HR","og_type":"article","og_title":"Po Saka\u010devi Poti soli - Milo Saka\u010d - Austrian &ndash; Slovenian &ndash; Hungarian - Croatian painter - Portfolio","og_description":"V \u010detrtek, 17. oktobra, je svoja dela v galeriji Dru\u017eina v Ljubljani na ogled postavil Milo Saka\u010d. Razstavo je poimenoval Pot soli. Na odprtju je o njegovem delu spregovorila likovna kriti\u010darka Magdalena Getaldi\u0107. Potujo\u010de razstave Mila Saka\u010da pod skupnim imenom Mind Hunter so se za\u010dele na Dunaju, v Budimpe\u0161ti in se nadaljujejo v Ljubljani. Zajemajo [&hellip;]","og_url":"https:\/\/www.miloart.org\/po-sakacevi-poti-soli\/","og_site_name":"Milo Saka\u010d - Austrian &ndash; Slovenian &ndash; Hungarian - Croatian painter - Portfolio","article_published_time":"2019-10-23T11:03:39+00:00","article_modified_time":"2020-09-02T08:12:06+00:00","og_image":[{"width":640,"height":360,"url":"https:\/\/www.miloart.org\/wp\/wp-content\/uploads\/2019\/10\/milo-ljubljana.jpg","type":"image\/jpeg"}],"author":"admin","twitter_card":"summary_large_image","twitter_misc":{"Written by":"admin","Est. reading time":"3 minutes"},"schema":{"@context":"https:\/\/schema.org","@graph":[{"@type":"Article","@id":"https:\/\/www.miloart.org\/po-sakacevi-poti-soli\/#article","isPartOf":{"@id":"https:\/\/www.miloart.org\/po-sakacevi-poti-soli\/"},"author":{"name":"admin","@id":"https:\/\/www.miloart.org\/#\/schema\/person\/348f40ec2a3f585c617dae00bd0887cd"},"headline":"Po Saka\u010devi Poti soli","datePublished":"2019-10-23T11:03:39+00:00","dateModified":"2020-09-02T08:12:06+00:00","mainEntityOfPage":{"@id":"https:\/\/www.miloart.org\/po-sakacevi-poti-soli\/"},"wordCount":513,"publisher":{"@id":"https:\/\/www.miloart.org\/#organization"},"image":{"@id":"https:\/\/www.miloart.org\/po-sakacevi-poti-soli\/#primaryimage"},"thumbnailUrl":"https:\/\/www.miloart.org\/wp\/wp-content\/uploads\/2019\/10\/milo-ljubljana.jpg","articleSection":["Novosti"],"inLanguage":"hr"},{"@type":"WebPage","@id":"https:\/\/www.miloart.org\/po-sakacevi-poti-soli\/","url":"https:\/\/www.miloart.org\/po-sakacevi-poti-soli\/","name":"Po Saka\u010devi Poti soli - Milo Saka\u010d - Austrian &ndash; Slovenian &ndash; Hungarian - Croatian painter - Portfolio","isPartOf":{"@id":"https:\/\/www.miloart.org\/#website"},"primaryImageOfPage":{"@id":"https:\/\/www.miloart.org\/po-sakacevi-poti-soli\/#primaryimage"},"image":{"@id":"https:\/\/www.miloart.org\/po-sakacevi-poti-soli\/#primaryimage"},"thumbnailUrl":"https:\/\/www.miloart.org\/wp\/wp-content\/uploads\/2019\/10\/milo-ljubljana.jpg","datePublished":"2019-10-23T11:03:39+00:00","dateModified":"2020-09-02T08:12:06+00:00","breadcrumb":{"@id":"https:\/\/www.miloart.org\/po-sakacevi-poti-soli\/#breadcrumb"},"inLanguage":"hr","potentialAction":[{"@type":"ReadAction","target":["https:\/\/www.miloart.org\/po-sakacevi-poti-soli\/"]}]},{"@type":"ImageObject","inLanguage":"hr","@id":"https:\/\/www.miloart.org\/po-sakacevi-poti-soli\/#primaryimage","url":"https:\/\/www.miloart.org\/wp\/wp-content\/uploads\/2019\/10\/milo-ljubljana.jpg","contentUrl":"https:\/\/www.miloart.org\/wp\/wp-content\/uploads\/2019\/10\/milo-ljubljana.jpg","width":640,"height":360},{"@type":"BreadcrumbList","@id":"https:\/\/www.miloart.org\/po-sakacevi-poti-soli\/#breadcrumb","itemListElement":[{"@type":"ListItem","position":1,"name":"Home","item":"https:\/\/www.miloart.org\/"},{"@type":"ListItem","position":2,"name":"Po Saka\u010devi Poti soli"}]},{"@type":"WebSite","@id":"https:\/\/www.miloart.org\/#website","url":"https:\/\/www.miloart.org\/","name":"Milo Saka\u010d - Austrian &ndash; Slovenian &ndash; Hungarian - Croatian painter - Portfolio","description":"","publisher":{"@id":"https:\/\/www.miloart.org\/#organization"},"potentialAction":[{"@type":"SearchAction","target":{"@type":"EntryPoint","urlTemplate":"https:\/\/www.miloart.org\/?s={search_term_string}"},"query-input":{"@type":"PropertyValueSpecification","valueRequired":true,"valueName":"search_term_string"}}],"inLanguage":"hr"},{"@type":"Organization","@id":"https:\/\/www.miloart.org\/#organization","name":"Milo Saka\u010d - Austrian &ndash; Slovenian &ndash; Hungarian - Croatian painter - Portfolio","url":"https:\/\/www.miloart.org\/","logo":{"@type":"ImageObject","inLanguage":"hr","@id":"https:\/\/www.miloart.org\/#\/schema\/logo\/image\/","url":"https:\/\/www.miloart.org\/wp\/wp-content\/uploads\/2019\/04\/MILO_ART-logo-3.svg","contentUrl":"https:\/\/www.miloart.org\/wp\/wp-content\/uploads\/2019\/04\/MILO_ART-logo-3.svg","caption":"Milo Saka\u010d - Austrian &ndash; Slovenian &ndash; Hungarian - Croatian painter - Portfolio"},"image":{"@id":"https:\/\/www.miloart.org\/#\/schema\/logo\/image\/"}},{"@type":"Person","@id":"https:\/\/www.miloart.org\/#\/schema\/person\/348f40ec2a3f585c617dae00bd0887cd","name":"admin","image":{"@type":"ImageObject","inLanguage":"hr","@id":"https:\/\/www.miloart.org\/#\/schema\/person\/image\/","url":"https:\/\/secure.gravatar.com\/avatar\/50b6c6ecd88b3faee14342bf84a290912722efa292eb8697fd42df6d0d2fa423?s=96&d=mm&r=g","contentUrl":"https:\/\/secure.gravatar.com\/avatar\/50b6c6ecd88b3faee14342bf84a290912722efa292eb8697fd42df6d0d2fa423?s=96&d=mm&r=g","caption":"admin"}}]}},"_links":{"self":[{"href":"https:\/\/www.miloart.org\/hr\/wp-json\/wp\/v2\/posts\/740","targetHints":{"allow":["GET"]}}],"collection":[{"href":"https:\/\/www.miloart.org\/hr\/wp-json\/wp\/v2\/posts"}],"about":[{"href":"https:\/\/www.miloart.org\/hr\/wp-json\/wp\/v2\/types\/post"}],"author":[{"embeddable":true,"href":"https:\/\/www.miloart.org\/hr\/wp-json\/wp\/v2\/users\/1"}],"replies":[{"embeddable":true,"href":"https:\/\/www.miloart.org\/hr\/wp-json\/wp\/v2\/comments?post=740"}],"version-history":[{"count":1,"href":"https:\/\/www.miloart.org\/hr\/wp-json\/wp\/v2\/posts\/740\/revisions"}],"predecessor-version":[{"id":743,"href":"https:\/\/www.miloart.org\/hr\/wp-json\/wp\/v2\/posts\/740\/revisions\/743"}],"wp:featuredmedia":[{"embeddable":true,"href":"https:\/\/www.miloart.org\/hr\/wp-json\/wp\/v2\/media\/749"}],"wp:attachment":[{"href":"https:\/\/www.miloart.org\/hr\/wp-json\/wp\/v2\/media?parent=740"}],"wp:term":[{"taxonomy":"category","embeddable":true,"href":"https:\/\/www.miloart.org\/hr\/wp-json\/wp\/v2\/categories?post=740"},{"taxonomy":"post_tag","embeddable":true,"href":"https:\/\/www.miloart.org\/hr\/wp-json\/wp\/v2\/tags?post=740"}],"curies":[{"name":"wp","href":"https:\/\/api.w.org\/{rel}","templated":true}]}}