{"id":752,"date":"2020-05-19T10:17:40","date_gmt":"2020-05-19T08:17:40","guid":{"rendered":"https:\/\/www.miloart.org\/?p=752"},"modified":"2020-09-02T10:14:17","modified_gmt":"2020-09-02T08:14:17","slug":"virtualna-oluja-uma-mila-sakaca","status":"publish","type":"post","link":"https:\/\/www.miloart.org\/hr\/virtualna-oluja-uma-mila-sakaca\/","title":{"rendered":"Virtualna &#8216;Oluja uma&#8217; Mila Saka\u010da"},"content":{"rendered":"\n<p><em>Vesna Zovko\/Dobro jutro, Hrvatska\/V.M.\/HRT<\/em><\/p>\n\n\n\n<p><strong>Iako je pretrpio znatna o\u0161te\u0107enja u potresu, zagreba\u010dki muzej Mimara i dalje ljubiteljima likovne umjetnosti poku\u0161ava pru\u017eiti&nbsp; iskustvo do\u017eivljaja&nbsp; izlo\u017ebi, i to virtualno, pod motom: &#8216;Zatvoreni ali aktivni&#8217;.<\/strong><\/p>\n\n\n\n<figure class=\"wp-block-embed-youtube wp-block-embed is-type-video is-provider-youtube wp-embed-aspect-16-9 wp-has-aspect-ratio\"><div class=\"wp-block-embed__wrapper\">\n<iframe loading=\"lazy\" title=\"HRT DJH Magazin Mimara 18. 05. 2020.\" width=\"980\" height=\"551\" src=\"https:\/\/www.youtube.com\/embed\/4R3Very3wME?feature=oembed\" frameborder=\"0\" allow=\"accelerometer; autoplay; encrypted-media; gyroscope; picture-in-picture\" allowfullscreen><\/iframe>\n<\/div><\/figure>\n\n\n\n<p>Njihovu pozivu na&nbsp;<a href=\"https:\/\/artspaces.kunstmatrix.com\/en\/exhibition\/759777\/mind-storm\">virtualnu izlo\u017ebu \u2018Oluja uma\u2019&nbsp;<\/a><strong><a href=\"https:\/\/artspaces.kunstmatrix.com\/en\/exhibition\/759777\/mind-storm\">Mila Saka\u010da<\/a>&nbsp;<\/strong>nije odoljela ekipa emisije&nbsp;<strong><em>Dobro jutro, Hrvatska<\/em><\/strong>&nbsp;koja se s tim me\u0111unarodno priznatim umjetnikom dru\u017eila u njegovu ateljeu u&nbsp;<strong>Zagrebu<\/strong>.<\/p>\n\n\n\n<p>Znati\u017eeljan, inovativan, duhovit, kreativan, svestran &#8211; ba\u0161 kao i prije tridesetak godina kada se upustio u slikarsku pustolovinu. Virtualnom izlo\u017ebom \u2018Oluja uma\u2019 u zagreba\u010dkoj Mimari arhitekt i slikar Milo Saka\u010d obilje\u017eava trideset i prvu obljetnicu od svoje prve samostalne izlo\u017ebe.<\/p>\n\n\n\n<p>&#8211; Bavio sam se sa sto stvari, plesao, slikao, radio arhitekturu, bio muzi\u010dki urednik na Radiju 101, bavio se scenografijom, ne znam gdje me nije bilo, to je bilo ba\u0161 prekrasno, ludo razdoblje, pri\u010da nam Saka\u010d.<\/p>\n\n\n\n<p>No figuracija nije kreacija, ka\u017ee Saka\u010d &#8211; zato se i dogodila apstrakcija.<\/p>\n\n\n\n<p>&#8211; Oluja uma traje zapravo otkad se sje\u0107am sebe. Stalno u nekom vremenu, apstraktno slikarstvo je pri\u010da refleksija i projekcija stanja uma. Mislim da smo sada u nekom olujnom vremenu i da je sve to vezano za to. Imam nekih ciklusa u kojima je stanje uma crno, a dio je tu i koji naginje veselijem, radosnom, isti\u010de Saka\u010d.<\/p>\n\n\n\n<p>Dok slika, ima osje\u0107aj kao da nije tu, ili kao da je na mnogim mjestima u isto vrijeme. Neopisivi su to osje\u0107aji i asocijacije.<\/p>\n\n\n\n<blockquote class=\"wp-block-quote is-layout-flow wp-block-quote-is-layout-flow\"><p>Ja slikam uz house glazbu, imam svog, hajmo re\u0107i an\u0111ela &#8211; DJ-icu&nbsp;<strong>Ivonu Kova\u010devi\u0107<\/strong>, njene&nbsp;<em>play-liste<\/em>, i kad tu muziku dignem na nekakvu glasno\u0107u koja mi je potrebna, ja jednostavno odem nekud, vi\u0161e nisam tu, postoji taj zvuk, koji mi dolazi iz pozadine ili prazno platno, nema tu razmi\u0161ljanja, to je u biti samo nekakav \u010dudan protok, ne znam ni \u010dega, opisuje Saka\u010d.<\/p><\/blockquote>\n\n\n\n<p>Dio tog protoka, atmosfere, te svojevrsne \u010darolije umjetnosti, mo\u017ee se do\u017eivjeti na ovoj virtualnoj izlo\u017ebi koja mu je poseban izazov.<\/p>\n\n\n\n<blockquote class=\"wp-block-quote is-layout-flow wp-block-quote-is-layout-flow\"><p>Mu\u010dili smo se jedno mjesec dana slo\u017eiti sve skupa jer smo tra\u017eili neku platformu kojom bi mogli prikazati realan prostor. Budu\u0107i da sam arhitekt, napravio sam tlocrt prostora gdje \u0107u imati izlo\u017ebu u Mimari. Probali smo po\u0161tivati taj prostor na nekoliko platformi, ali koje nisu podr\u017eavale visoku rezoluciju, neku top kvalitetu i nisu imale alate, napominje Saka\u010d.<\/p><\/blockquote>\n\n\n\n<p>No nakon tri tjedna pravih muka, uspjeli su prona\u0107i odgovaraju\u0107u platformu i onda je cijela pri\u010da mogla te\u0107i pitko, \u010disto, prozra\u010dno\u2026<\/p>\n\n\n\n<blockquote class=\"wp-block-quote is-layout-flow wp-block-quote-is-layout-flow\"><p>Paralelno sam postavio jo\u0161 jedan projekt koji je vezan za turneju&nbsp;<strong><em>Mindhuntera&nbsp;<\/em><\/strong>pa \u0107emo i nju predstaviti jer turneja&nbsp;<em>Mindhunter&nbsp;<\/em>je svaka izlo\u017eba. Krenula je od&nbsp;<strong>Be\u010da&nbsp;<\/strong>preko&nbsp;<strong>Budimpe\u0161te<\/strong>,&nbsp;<strong>Ljubljane<\/strong>, do\u0161la do&nbsp;<strong>Zagreba<\/strong>. Trebala je sada paralelno sa Zagrebom biti u Be\u010du,&nbsp;<strong>Prag&nbsp;<\/strong>je u dogovoru, pa&nbsp;<strong>Rijeka&nbsp;<\/strong>i na jesen sam trebao i\u0107i u&nbsp;<strong>Kinu<\/strong>.<\/p><\/blockquote>\n\n\n\n<p>Iako voli neposredni kontakt s posjetiteljima na svojim izlo\u017ebama, kada redovito i slika, demistificiraju\u0107i cijelu pri\u010du &#8211; misli da i virtualne izlo\u017ebe imaju svojih \u010dari i prednosti.<\/p>\n\n\n\n<blockquote class=\"wp-block-quote is-layout-flow wp-block-quote-is-layout-flow\"><p>Trebamo se prilago\u0111avati stanju stvari, situaciji, a na neki na\u010din i klijenteli. Mene prati jako puno ljudi: moje cure &#8211; ne\u0107akinja, k\u0107er i \u017eena \u2013 rade mi socijalne mre\u017ee i u principu glavna po\u0161tapalica im je &#8216;lako je tebi, ti samo mora\u0161 slikati&#8217;.<\/p><\/blockquote>\n\n\n\n<p>Izlo\u017ebu mo\u017eete pogledati kada god po\u017eelite do kraja ove godine. Dovoljno je kliknuti na&nbsp;<a href=\"https:\/\/artspaces.kunstmatrix.com\/en\/exhibition\/759777\/mind-storm\">poveznicu<\/a>&nbsp;i potom u\u017eivati u koloritnim olujnim apstrakcijama ovog&nbsp; po mnogo\u010demu jedinstvenog&nbsp; umjetnika.<\/p>\n","protected":false},"excerpt":{"rendered":"<p>Vesna Zovko\/Dobro jutro, Hrvatska\/V.M.\/HRT Iako je pretrpio znatna o\u0161te\u0107enja u potresu, zagreba\u010dki muzej Mimara i dalje ljubiteljima likovne umjetnosti poku\u0161ava pru\u017eiti&nbsp; iskustvo do\u017eivljaja&nbsp; izlo\u017ebi, i to virtualno, pod motom: &#8216;Zatvoreni ali aktivni&#8217;. Njihovu pozivu na&nbsp;virtualnu izlo\u017ebu \u2018Oluja uma\u2019&nbsp;Mila Saka\u010da&nbsp;nije odoljela ekipa emisije&nbsp;Dobro jutro, Hrvatska&nbsp;koja se s tim me\u0111unarodno priznatim umjetnikom dru\u017eila u njegovu ateljeu u&nbsp;Zagrebu. [&hellip;]<\/p>\n","protected":false},"author":1,"featured_media":759,"comment_status":"closed","ping_status":"closed","sticky":false,"template":"","format":"standard","meta":{"inline_featured_image":false,"footnotes":""},"categories":[51],"tags":[],"class_list":["post-752","post","type-post","status-publish","format-standard","has-post-thumbnail","hentry","category-novosti"],"yoast_head":"<!-- This site is optimized with the Yoast SEO plugin v26.1.1 - https:\/\/yoast.com\/wordpress\/plugins\/seo\/ -->\n<title>Virtualna &#039;Oluja uma&#039; Mila Saka\u010da - Milo Saka\u010d - Austrian &ndash; Slovenian &ndash; Hungarian - Croatian painter - Portfolio<\/title>\n<meta name=\"robots\" content=\"index, follow, max-snippet:-1, max-image-preview:large, max-video-preview:-1\" \/>\n<link rel=\"canonical\" href=\"https:\/\/www.miloart.org\/virtualna-oluja-uma-mila-sakaca\/\" \/>\n<meta property=\"og:locale\" content=\"hr_HR\" \/>\n<meta property=\"og:type\" content=\"article\" \/>\n<meta property=\"og:title\" content=\"Virtualna &#039;Oluja uma&#039; Mila Saka\u010da - Milo Saka\u010d - Austrian &ndash; Slovenian &ndash; Hungarian - Croatian painter - Portfolio\" \/>\n<meta property=\"og:description\" content=\"Vesna Zovko\/Dobro jutro, Hrvatska\/V.M.\/HRT Iako je pretrpio znatna o\u0161te\u0107enja u potresu, zagreba\u010dki muzej Mimara i dalje ljubiteljima likovne umjetnosti poku\u0161ava pru\u017eiti&nbsp; iskustvo do\u017eivljaja&nbsp; izlo\u017ebi, i to virtualno, pod motom: &#8216;Zatvoreni ali aktivni&#8217;. Njihovu pozivu na&nbsp;virtualnu izlo\u017ebu \u2018Oluja uma\u2019&nbsp;Mila Saka\u010da&nbsp;nije odoljela ekipa emisije&nbsp;Dobro jutro, Hrvatska&nbsp;koja se s tim me\u0111unarodno priznatim umjetnikom dru\u017eila u njegovu ateljeu u&nbsp;Zagrebu. [&hellip;]\" \/>\n<meta property=\"og:url\" content=\"https:\/\/www.miloart.org\/virtualna-oluja-uma-mila-sakaca\/\" \/>\n<meta property=\"og:site_name\" content=\"Milo Saka\u010d - Austrian &ndash; Slovenian &ndash; Hungarian - Croatian painter - Portfolio\" \/>\n<meta property=\"article:published_time\" content=\"2020-05-19T08:17:40+00:00\" \/>\n<meta property=\"article:modified_time\" content=\"2020-09-02T08:14:17+00:00\" \/>\n<meta property=\"og:image\" content=\"https:\/\/www.miloart.org\/wp\/wp-content\/uploads\/2020\/05\/djh.jpg\" \/>\n\t<meta property=\"og:image:width\" content=\"1364\" \/>\n\t<meta property=\"og:image:height\" content=\"695\" \/>\n\t<meta property=\"og:image:type\" content=\"image\/jpeg\" \/>\n<meta name=\"author\" content=\"admin\" \/>\n<meta name=\"twitter:card\" content=\"summary_large_image\" \/>\n<meta name=\"twitter:label1\" content=\"Written by\" \/>\n\t<meta name=\"twitter:data1\" content=\"admin\" \/>\n\t<meta name=\"twitter:label2\" content=\"Est. reading time\" \/>\n\t<meta name=\"twitter:data2\" content=\"3 minutes\" \/>\n<script type=\"application\/ld+json\" class=\"yoast-schema-graph\">{\"@context\":\"https:\/\/schema.org\",\"@graph\":[{\"@type\":\"Article\",\"@id\":\"https:\/\/www.miloart.org\/virtualna-oluja-uma-mila-sakaca\/#article\",\"isPartOf\":{\"@id\":\"https:\/\/www.miloart.org\/virtualna-oluja-uma-mila-sakaca\/\"},\"author\":{\"name\":\"admin\",\"@id\":\"https:\/\/www.miloart.org\/#\/schema\/person\/348f40ec2a3f585c617dae00bd0887cd\"},\"headline\":\"Virtualna &#8216;Oluja uma&#8217; Mila Saka\u010da\",\"datePublished\":\"2020-05-19T08:17:40+00:00\",\"dateModified\":\"2020-09-02T08:14:17+00:00\",\"mainEntityOfPage\":{\"@id\":\"https:\/\/www.miloart.org\/virtualna-oluja-uma-mila-sakaca\/\"},\"wordCount\":656,\"publisher\":{\"@id\":\"https:\/\/www.miloart.org\/#organization\"},\"image\":{\"@id\":\"https:\/\/www.miloart.org\/virtualna-oluja-uma-mila-sakaca\/#primaryimage\"},\"thumbnailUrl\":\"https:\/\/www.miloart.org\/wp\/wp-content\/uploads\/2020\/05\/djh.jpg\",\"articleSection\":[\"Novosti\"],\"inLanguage\":\"hr\"},{\"@type\":\"WebPage\",\"@id\":\"https:\/\/www.miloart.org\/virtualna-oluja-uma-mila-sakaca\/\",\"url\":\"https:\/\/www.miloart.org\/virtualna-oluja-uma-mila-sakaca\/\",\"name\":\"Virtualna 'Oluja uma' Mila Saka\u010da - Milo Saka\u010d - Austrian &ndash; Slovenian &ndash; Hungarian - Croatian painter - Portfolio\",\"isPartOf\":{\"@id\":\"https:\/\/www.miloart.org\/#website\"},\"primaryImageOfPage\":{\"@id\":\"https:\/\/www.miloart.org\/virtualna-oluja-uma-mila-sakaca\/#primaryimage\"},\"image\":{\"@id\":\"https:\/\/www.miloart.org\/virtualna-oluja-uma-mila-sakaca\/#primaryimage\"},\"thumbnailUrl\":\"https:\/\/www.miloart.org\/wp\/wp-content\/uploads\/2020\/05\/djh.jpg\",\"datePublished\":\"2020-05-19T08:17:40+00:00\",\"dateModified\":\"2020-09-02T08:14:17+00:00\",\"breadcrumb\":{\"@id\":\"https:\/\/www.miloart.org\/virtualna-oluja-uma-mila-sakaca\/#breadcrumb\"},\"inLanguage\":\"hr\",\"potentialAction\":[{\"@type\":\"ReadAction\",\"target\":[\"https:\/\/www.miloart.org\/virtualna-oluja-uma-mila-sakaca\/\"]}]},{\"@type\":\"ImageObject\",\"inLanguage\":\"hr\",\"@id\":\"https:\/\/www.miloart.org\/virtualna-oluja-uma-mila-sakaca\/#primaryimage\",\"url\":\"https:\/\/www.miloart.org\/wp\/wp-content\/uploads\/2020\/05\/djh.jpg\",\"contentUrl\":\"https:\/\/www.miloart.org\/wp\/wp-content\/uploads\/2020\/05\/djh.jpg\",\"width\":1364,\"height\":695},{\"@type\":\"BreadcrumbList\",\"@id\":\"https:\/\/www.miloart.org\/virtualna-oluja-uma-mila-sakaca\/#breadcrumb\",\"itemListElement\":[{\"@type\":\"ListItem\",\"position\":1,\"name\":\"Home\",\"item\":\"https:\/\/www.miloart.org\/\"},{\"@type\":\"ListItem\",\"position\":2,\"name\":\"Virtualna &#8216;Oluja uma&#8217; Mila Saka\u010da\"}]},{\"@type\":\"WebSite\",\"@id\":\"https:\/\/www.miloart.org\/#website\",\"url\":\"https:\/\/www.miloart.org\/\",\"name\":\"Milo Saka\u010d - Austrian &ndash; Slovenian &ndash; Hungarian - Croatian painter - Portfolio\",\"description\":\"\",\"publisher\":{\"@id\":\"https:\/\/www.miloart.org\/#organization\"},\"potentialAction\":[{\"@type\":\"SearchAction\",\"target\":{\"@type\":\"EntryPoint\",\"urlTemplate\":\"https:\/\/www.miloart.org\/?s={search_term_string}\"},\"query-input\":{\"@type\":\"PropertyValueSpecification\",\"valueRequired\":true,\"valueName\":\"search_term_string\"}}],\"inLanguage\":\"hr\"},{\"@type\":\"Organization\",\"@id\":\"https:\/\/www.miloart.org\/#organization\",\"name\":\"Milo Saka\u010d - Austrian &ndash; Slovenian &ndash; Hungarian - Croatian painter - Portfolio\",\"url\":\"https:\/\/www.miloart.org\/\",\"logo\":{\"@type\":\"ImageObject\",\"inLanguage\":\"hr\",\"@id\":\"https:\/\/www.miloart.org\/#\/schema\/logo\/image\/\",\"url\":\"https:\/\/www.miloart.org\/wp\/wp-content\/uploads\/2019\/04\/MILO_ART-logo-3.svg\",\"contentUrl\":\"https:\/\/www.miloart.org\/wp\/wp-content\/uploads\/2019\/04\/MILO_ART-logo-3.svg\",\"caption\":\"Milo Saka\u010d - Austrian &ndash; Slovenian &ndash; Hungarian - Croatian painter - Portfolio\"},\"image\":{\"@id\":\"https:\/\/www.miloart.org\/#\/schema\/logo\/image\/\"}},{\"@type\":\"Person\",\"@id\":\"https:\/\/www.miloart.org\/#\/schema\/person\/348f40ec2a3f585c617dae00bd0887cd\",\"name\":\"admin\",\"image\":{\"@type\":\"ImageObject\",\"inLanguage\":\"hr\",\"@id\":\"https:\/\/www.miloart.org\/#\/schema\/person\/image\/\",\"url\":\"https:\/\/secure.gravatar.com\/avatar\/50b6c6ecd88b3faee14342bf84a290912722efa292eb8697fd42df6d0d2fa423?s=96&d=mm&r=g\",\"contentUrl\":\"https:\/\/secure.gravatar.com\/avatar\/50b6c6ecd88b3faee14342bf84a290912722efa292eb8697fd42df6d0d2fa423?s=96&d=mm&r=g\",\"caption\":\"admin\"}}]}<\/script>\n<!-- \/ Yoast SEO plugin. -->","yoast_head_json":{"title":"Virtualna 'Oluja uma' Mila Saka\u010da - Milo Saka\u010d - Austrian &ndash; Slovenian &ndash; Hungarian - Croatian painter - Portfolio","robots":{"index":"index","follow":"follow","max-snippet":"max-snippet:-1","max-image-preview":"max-image-preview:large","max-video-preview":"max-video-preview:-1"},"canonical":"https:\/\/www.miloart.org\/virtualna-oluja-uma-mila-sakaca\/","og_locale":"hr_HR","og_type":"article","og_title":"Virtualna 'Oluja uma' Mila Saka\u010da - Milo Saka\u010d - Austrian &ndash; Slovenian &ndash; Hungarian - Croatian painter - Portfolio","og_description":"Vesna Zovko\/Dobro jutro, Hrvatska\/V.M.\/HRT Iako je pretrpio znatna o\u0161te\u0107enja u potresu, zagreba\u010dki muzej Mimara i dalje ljubiteljima likovne umjetnosti poku\u0161ava pru\u017eiti&nbsp; iskustvo do\u017eivljaja&nbsp; izlo\u017ebi, i to virtualno, pod motom: &#8216;Zatvoreni ali aktivni&#8217;. Njihovu pozivu na&nbsp;virtualnu izlo\u017ebu \u2018Oluja uma\u2019&nbsp;Mila Saka\u010da&nbsp;nije odoljela ekipa emisije&nbsp;Dobro jutro, Hrvatska&nbsp;koja se s tim me\u0111unarodno priznatim umjetnikom dru\u017eila u njegovu ateljeu u&nbsp;Zagrebu. [&hellip;]","og_url":"https:\/\/www.miloart.org\/virtualna-oluja-uma-mila-sakaca\/","og_site_name":"Milo Saka\u010d - Austrian &ndash; Slovenian &ndash; Hungarian - Croatian painter - Portfolio","article_published_time":"2020-05-19T08:17:40+00:00","article_modified_time":"2020-09-02T08:14:17+00:00","og_image":[{"width":1364,"height":695,"url":"https:\/\/www.miloart.org\/wp\/wp-content\/uploads\/2020\/05\/djh.jpg","type":"image\/jpeg"}],"author":"admin","twitter_card":"summary_large_image","twitter_misc":{"Written by":"admin","Est. reading time":"3 minutes"},"schema":{"@context":"https:\/\/schema.org","@graph":[{"@type":"Article","@id":"https:\/\/www.miloart.org\/virtualna-oluja-uma-mila-sakaca\/#article","isPartOf":{"@id":"https:\/\/www.miloart.org\/virtualna-oluja-uma-mila-sakaca\/"},"author":{"name":"admin","@id":"https:\/\/www.miloart.org\/#\/schema\/person\/348f40ec2a3f585c617dae00bd0887cd"},"headline":"Virtualna &#8216;Oluja uma&#8217; Mila Saka\u010da","datePublished":"2020-05-19T08:17:40+00:00","dateModified":"2020-09-02T08:14:17+00:00","mainEntityOfPage":{"@id":"https:\/\/www.miloart.org\/virtualna-oluja-uma-mila-sakaca\/"},"wordCount":656,"publisher":{"@id":"https:\/\/www.miloart.org\/#organization"},"image":{"@id":"https:\/\/www.miloart.org\/virtualna-oluja-uma-mila-sakaca\/#primaryimage"},"thumbnailUrl":"https:\/\/www.miloart.org\/wp\/wp-content\/uploads\/2020\/05\/djh.jpg","articleSection":["Novosti"],"inLanguage":"hr"},{"@type":"WebPage","@id":"https:\/\/www.miloart.org\/virtualna-oluja-uma-mila-sakaca\/","url":"https:\/\/www.miloart.org\/virtualna-oluja-uma-mila-sakaca\/","name":"Virtualna 'Oluja uma' Mila Saka\u010da - Milo Saka\u010d - Austrian &ndash; Slovenian &ndash; Hungarian - Croatian painter - Portfolio","isPartOf":{"@id":"https:\/\/www.miloart.org\/#website"},"primaryImageOfPage":{"@id":"https:\/\/www.miloart.org\/virtualna-oluja-uma-mila-sakaca\/#primaryimage"},"image":{"@id":"https:\/\/www.miloart.org\/virtualna-oluja-uma-mila-sakaca\/#primaryimage"},"thumbnailUrl":"https:\/\/www.miloart.org\/wp\/wp-content\/uploads\/2020\/05\/djh.jpg","datePublished":"2020-05-19T08:17:40+00:00","dateModified":"2020-09-02T08:14:17+00:00","breadcrumb":{"@id":"https:\/\/www.miloart.org\/virtualna-oluja-uma-mila-sakaca\/#breadcrumb"},"inLanguage":"hr","potentialAction":[{"@type":"ReadAction","target":["https:\/\/www.miloart.org\/virtualna-oluja-uma-mila-sakaca\/"]}]},{"@type":"ImageObject","inLanguage":"hr","@id":"https:\/\/www.miloart.org\/virtualna-oluja-uma-mila-sakaca\/#primaryimage","url":"https:\/\/www.miloart.org\/wp\/wp-content\/uploads\/2020\/05\/djh.jpg","contentUrl":"https:\/\/www.miloart.org\/wp\/wp-content\/uploads\/2020\/05\/djh.jpg","width":1364,"height":695},{"@type":"BreadcrumbList","@id":"https:\/\/www.miloart.org\/virtualna-oluja-uma-mila-sakaca\/#breadcrumb","itemListElement":[{"@type":"ListItem","position":1,"name":"Home","item":"https:\/\/www.miloart.org\/"},{"@type":"ListItem","position":2,"name":"Virtualna &#8216;Oluja uma&#8217; Mila Saka\u010da"}]},{"@type":"WebSite","@id":"https:\/\/www.miloart.org\/#website","url":"https:\/\/www.miloart.org\/","name":"Milo Saka\u010d - Austrian &ndash; Slovenian &ndash; Hungarian - Croatian painter - Portfolio","description":"","publisher":{"@id":"https:\/\/www.miloart.org\/#organization"},"potentialAction":[{"@type":"SearchAction","target":{"@type":"EntryPoint","urlTemplate":"https:\/\/www.miloart.org\/?s={search_term_string}"},"query-input":{"@type":"PropertyValueSpecification","valueRequired":true,"valueName":"search_term_string"}}],"inLanguage":"hr"},{"@type":"Organization","@id":"https:\/\/www.miloart.org\/#organization","name":"Milo Saka\u010d - Austrian &ndash; Slovenian &ndash; Hungarian - Croatian painter - Portfolio","url":"https:\/\/www.miloart.org\/","logo":{"@type":"ImageObject","inLanguage":"hr","@id":"https:\/\/www.miloart.org\/#\/schema\/logo\/image\/","url":"https:\/\/www.miloart.org\/wp\/wp-content\/uploads\/2019\/04\/MILO_ART-logo-3.svg","contentUrl":"https:\/\/www.miloart.org\/wp\/wp-content\/uploads\/2019\/04\/MILO_ART-logo-3.svg","caption":"Milo Saka\u010d - Austrian &ndash; Slovenian &ndash; Hungarian - Croatian painter - Portfolio"},"image":{"@id":"https:\/\/www.miloart.org\/#\/schema\/logo\/image\/"}},{"@type":"Person","@id":"https:\/\/www.miloart.org\/#\/schema\/person\/348f40ec2a3f585c617dae00bd0887cd","name":"admin","image":{"@type":"ImageObject","inLanguage":"hr","@id":"https:\/\/www.miloart.org\/#\/schema\/person\/image\/","url":"https:\/\/secure.gravatar.com\/avatar\/50b6c6ecd88b3faee14342bf84a290912722efa292eb8697fd42df6d0d2fa423?s=96&d=mm&r=g","contentUrl":"https:\/\/secure.gravatar.com\/avatar\/50b6c6ecd88b3faee14342bf84a290912722efa292eb8697fd42df6d0d2fa423?s=96&d=mm&r=g","caption":"admin"}}]}},"_links":{"self":[{"href":"https:\/\/www.miloart.org\/hr\/wp-json\/wp\/v2\/posts\/752","targetHints":{"allow":["GET"]}}],"collection":[{"href":"https:\/\/www.miloart.org\/hr\/wp-json\/wp\/v2\/posts"}],"about":[{"href":"https:\/\/www.miloart.org\/hr\/wp-json\/wp\/v2\/types\/post"}],"author":[{"embeddable":true,"href":"https:\/\/www.miloart.org\/hr\/wp-json\/wp\/v2\/users\/1"}],"replies":[{"embeddable":true,"href":"https:\/\/www.miloart.org\/hr\/wp-json\/wp\/v2\/comments?post=752"}],"version-history":[{"count":1,"href":"https:\/\/www.miloart.org\/hr\/wp-json\/wp\/v2\/posts\/752\/revisions"}],"predecessor-version":[{"id":758,"href":"https:\/\/www.miloart.org\/hr\/wp-json\/wp\/v2\/posts\/752\/revisions\/758"}],"wp:featuredmedia":[{"embeddable":true,"href":"https:\/\/www.miloart.org\/hr\/wp-json\/wp\/v2\/media\/759"}],"wp:attachment":[{"href":"https:\/\/www.miloart.org\/hr\/wp-json\/wp\/v2\/media?parent=752"}],"wp:term":[{"taxonomy":"category","embeddable":true,"href":"https:\/\/www.miloart.org\/hr\/wp-json\/wp\/v2\/categories?post=752"},{"taxonomy":"post_tag","embeddable":true,"href":"https:\/\/www.miloart.org\/hr\/wp-json\/wp\/v2\/tags?post=752"}],"curies":[{"name":"wp","href":"https:\/\/api.w.org\/{rel}","templated":true}]}}